{"id":3173,"date":"2017-06-01T15:09:02","date_gmt":"2017-06-01T15:09:02","guid":{"rendered":"http:\/\/meaningoflife.blog\/is-our-future-bright\/"},"modified":"2019-08-12T09:53:51","modified_gmt":"2019-08-12T09:53:51","slug":"is-our-future-bright","status":"publish","type":"post","link":"https:\/\/meaningoflife.blog\/hu\/is-our-future-bright\/","title":{"rendered":"REM\u00c9NYTELJES A J\u00d6V\u0150NK?"},"content":{"rendered":"<p>&nbsp;<\/p>\n<p><strong>Max Roser cikke, a \u201eVil\u00e1gunk Adatokban\u201d szerint ( <a href=\"https:\/\/ourworldindata.org\/a-history-of-global-living-conditions-in-5-charts\/\" target=\"_blank\" rel=\"noopener noreferrer\">Glob\u00e1lis \u00e9letk\u00f6r\u00fclm\u00e9nyek v\u00e1ltoz\u00e1sa 5 grafikonon<\/a> ) az emberi \u00e9letk\u00f6r\u00fclm\u00e9nyek 1800-as \u00e9vekt\u0151l napjainkig hatalmas fejl\u0151d\u00e9sen mentek kereszt\u00fcl. Az el\u0151rebocs\u00e1tott adatok pontosnak, kecsegtet\u0151nek \u00e9s meggy\u0151z\u0151nek t\u0171nnek. E szerint r\u00f3zs\u00e1s j\u00f6v\u0151 el\u00e9 n\u00e9zhet\u00fcnk, \u00e9s csak ki kell v\u00e1rnunk, am\u00edg od\u00e1ig fejl\u0151dik a tud\u00e1sunk k\u00fcl\u00f6nf\u00e9le j\u00f6v\u0151beli felfedez\u00e9sek \u00e9s tal\u00e1lm\u00e1nyok r\u00e9v\u00e9n, hogy felfedezz\u00fck az \u00c9let \u00c9rtelm\u00e9t, vagy egyszer\u0171en csak elvesz\u00edti jelent\u0151s\u00e9g\u00e9t a probl\u00e9m\u00e1k megold\u00e1sa k\u00f6zepette?<\/strong><\/p>\n<p>&nbsp;<\/p>\n<p>Az olvas\u00f3k sz\u00e1m\u00e1ra az emberis\u00e9g \u00e9letk\u00f6r\u00fclm\u00e9nyeinek \u00e1talakul\u00e1s\u00e1t \u00e9rthet\u0151bben megfogalmazva, a szerz\u0151 egy \u00f6sszefoglal\u00f3 vizualiz\u00e1ci\u00f3t k\u00e9sz\u00edtett, melyben ezt a 200 \u00e9ves t\u00f6rt\u00e9nelmet egy 100 f\u0151s embercsoport t\u00f6rt\u00e9nelm\u00e9re vet\u00edtette r\u00e1, hogy kider\u00edtse, milyen m\u00f3don v\u00e1ltozott volna az \u00e9let\u00fck, ha ez alatt az \u00e1talak\u00edt\u00f3 id\u0151szak alatt \u00e9ltek volna.<\/p>\n<p>&nbsp;<\/p>\n<p><img loading=\"lazy\" class=\"alignnone size-full wp-image-2455\" src=\"http:\/\/proidevs.com\/meaningoflife\/wp-content\/uploads\/2017\/06\/1.jpg\" alt=\"\" width=\"590\" height=\"456\" srcset=\"https:\/\/meaningoflife.blog\/wp-content\/uploads\/2017\/06\/1.jpg 590w, https:\/\/meaningoflife.blog\/wp-content\/uploads\/2017\/06\/1-272x210.jpg 272w\" sizes=\"(max-width: 590px) 100vw, 590px\" \/><\/p>\n<p>Ezen adatok ellen\u00e9re az emberek nem gondolj\u00e1k, hogy a vil\u00e1g egy jobb helly\u00e9 v\u00e1lik. Egy \u00fajabb k\u00f6zv\u00e9lem\u00e9ny-kutat\u00e1sban azt k\u00e9rdezt\u00e9k, \u201eMindent egybevetve, javul vagy romlik a vil\u00e1g, vagy se nem javul, se nem romlik?\u201d. Sv\u00e9dorsz\u00e1gban az emberek 10%-a gondolta \u00fagy, hogy a vil\u00e1g helyzete javul, Amerik\u00e1ban ez az \u00e9rt\u00e9k csak 6%. m\u00edg N\u00e9metorsz\u00e1gban m\u00e1r csak 4% volt. Nagyon kevesen gondolj\u00e1k \u00fagy, hogy a vil\u00e1g j\u00f3 fel\u00e9 halad.<\/p>\n<p>Ezekre az \u201e\u00faj\u201d t\u00e9nyekre a k\u00f6vetkez\u0151 lehetne az els\u0151 reakci\u00f3nk: \u201eH\u00e9, emberek, \u00e9bredjetek fel! Ne higgy\u00e9tek, hogy a k\u00f6zm\u00e9dia igazat mond a katasztr\u00f3f\u00e1kr\u00f3l, terrorizmusr\u00f3l, h\u00e1bor\u00fakr\u00f3l \u00e9s gazdas\u00e1gi kr\u00edzisekr\u0151l sz\u00f3l\u00f3 jelent\u00e9seivel! A vil\u00e1gunk \u00e9s az \u00e9letk\u00f6r\u00fclm\u00e9nyeink jobbak, mint valaha!\u201d. \u00c9s m\u00e9g az is lehet, hogy igazat mondunk: tudjuk, hogy tulajdonk\u00e9ppen minden m\u00e9dium er\u0151sen torz\u00edtja a val\u00f3s\u00e1got. A nagyobb n\u00e9zetts\u00e9g\u00e9rt a sokkal negat\u00edvabb h\u00edreket helyezik el\u0151t\u00e9rbe (mint a gyilkoss\u00e1gok), melyek nem v\u00e1gnak egybe a mindennapjainkban tapasztaltakkal. Az \u00fajabb cikkek arr\u00f3l \u00edrnak, hogyan k\u00e9sz\u00edt a m\u00e9dia egyfajta \u201eszoci\u00e1lis val\u00f3s\u00e1got\u201d, ami a val\u00f3s esem\u00e9nyekt\u0151l, azok gyakoris\u00e1g\u00e1t\u00f3l, vagy az \u00e9letre gyakorolt val\u00f3s hat\u00e1s\u00e1t\u00f3l sokszor igen elt\u00e9r\u0151 k\u00e9pet mutat. Teh\u00e1t val\u00f3ban, az emberek fel\u00e9bredhetnek, \u00e9s megnyugodhatnak: a vil\u00e1g jobb ann\u00e1l, mint ahogy mostan\u00e1ban \u00e9rz\u00e9kelhet\u0151. A cikk azt is kifejti, mi\u00e9rt nem \u00e9rezz\u00fck ezeket a pozit\u00edv v\u00e1ltoz\u00e1sokat.<\/p>\n<p>A hamis negat\u00edv \u00e9rz\u00e9kel\u00e9s az \u00e9let \u00e9rtelm\u00e9vel kapcsolatos gondolkod\u00e1sunkat is befoly\u00e1solhatja. Ha abban \u00e9l\u00fcnk, hogy a vil\u00e1g rossz fel\u00e9 halad, a j\u00f6v\u0151nk el\u00e9 aggodalommal tekint\u00fcnk, majd azon kezd\u00fcnk elm\u00e9lkedni, hogy meg\u00e9ri e egy\u00e1ltal\u00e1n az eg\u00e9sz huzavona\u2026 Azonban most tudjuk, hogy helyes \u00faton j\u00e1runk. M\u00e9g egy kis id\u0151 \u00e9s tal\u00e1n egy F\u00f6ldi paradicsomban tal\u00e1ljuk majd magunkat! Juh\u00fa\u00fa!<\/p>\n<p>Sajnos ez nem olyan egyszer\u0171 (term\u00e9szetesen\u2026). El\u0151sz\u00f6r is ellen\u0151rizn\u00fcnk kell a forr\u00e1sokat, a ki\u00e1ll\u00edtott adatok megb\u00edzhat\u00f3s\u00e1g\u00e1t \u00e9s helyt\u00e1ll\u00f3s\u00e1g\u00e1t. Ezt k\u00f6vet\u0151en gondolkodhatunk azon, milyen \u00e9letk\u00f6r\u00fclm\u00e9nyek vizsg\u00e1lhat\u00f3ak, melyek a kev\u00e9sb\u00e9 b\u00edztat\u00f3 fejl\u0151d\u00e9si \u00fatvonalak. Viszont a k\u00e9t legjelent\u0151sebb ok a k\u00f6vetkez\u0151:<\/p>\n<ul>\n<li>Az legnagyobb aktu\u00e1lis probl\u00e9m\u00e1ink egy r\u00e9sze a fent eml\u00edtett sikerb\u0151l n\u0151ttek ki. A vakcin\u00e1k, a gyermekhal\u00e1l \u00e9s a szeg\u00e9nys\u00e9g cs\u00f6kken\u00e9se (\u00e1llamonk\u00e9nt nagyobb fogyaszt\u00e1s) egyenes \u00e1gon vezetett a jelen nagyfok\u00fa lakoss\u00e1gn\u00f6veked\u00e9s\u00e9hez \u00e9s a term\u00e9szetes er\u0151forr\u00e1sok kimer\u00edt\u0151 haszn\u00e1lat\u00e1hoz. \u00cdgy sikeress\u00e9g\u00fcnk indirekt m\u00f3don s\u00falyos k\u00f6rnyezeti probl\u00e9m\u00e1kat eredm\u00e9nyezett. Kereszt n\u00e9lk\u00fcl nincs korona. Semmi sincs ingyen.<\/li>\n<li>Az elm\u00falt teljes\u00edtm\u00e9nyek nem garant\u00e1lj\u00e1k a j\u00f6v\u0151 eredm\u00e9nyeit. Alapvet\u0151 felfogni, MI\u00c9RT t\u00f6rt\u00e9ntek ezek a fejleszt\u00e9sek. Ha a folyamatot m\u0171k\u00f6dtet\u0151 t\u00e9nyez\u0151k nem fenntarthat\u00f3ak, megford\u00edtan\u00e1k e t\u00e9nyez\u0151k pozit\u00edv hat\u00e1sait vagy ezek a t\u00e9nyez\u0151k cs\u00f6kkennek (a cs\u00f6kken\u0151 hozad\u00e9k t\u00f6rv\u00e9nye), akkor nagy gondban tal\u00e1lhatjuk magunkat a j\u00f6v\u0151ben.<\/li>\n<\/ul>\n<p>\u00cdgy ezen adatok \u00e9s vizsg\u00e1latuk ut\u00e1n kijelenthetj\u00fck, hogy igen, van rem\u00e9ny a j\u00f6v\u0151re n\u00e9zve, de az \u00f6nhitts\u00e9get b\u00e1rmi \u00e1ron ker\u00fclj\u00fck el: tartsuk sz\u00e1razon a puskaport.<\/p>\n<p>&nbsp;<\/p>\n","protected":false},"excerpt":{"rendered":"<p>&nbsp; Max Roser cikke, a \u201eVil\u00e1gunk Adatokban\u201d szerint ( Glob\u00e1lis \u00e9letk\u00f6r\u00fclm\u00e9nyek v\u00e1ltoz\u00e1sa 5 grafikonon ) az emberi \u00e9letk\u00f6r\u00fclm\u00e9nyek 1800-as \u00e9vekt\u0151l napjainkig hatalmas fejl\u0151d\u00e9sen mentek kereszt\u00fcl. Az el\u0151rebocs\u00e1tott adatok pontosnak, kecsegtet\u0151nek \u00e9s meggy\u0151z\u0151nek t\u0171nnek. E szerint r\u00f3zs\u00e1s j\u00f6v\u0151 el\u00e9 n\u00e9zhet\u00fcnk, \u00e9s csak ki kell v\u00e1rnunk, am\u00edg od\u00e1ig fejl\u0151dik a tud\u00e1sunk k\u00fcl\u00f6nf\u00e9le j\u00f6v\u0151beli felfedez\u00e9sek \u00e9s tal\u00e1lm\u00e1nyok r\u00e9v\u00e9n, hogy felfedezz\u00fck az \u00c9let \u00c9rtelm\u00e9t, vagy egyszer\u0171en csak elvesz\u00edti jelent\u0151s\u00e9g\u00e9t a probl\u00e9m\u00e1k megold\u00e1sa k\u00f6zepette? &nbsp; Az olvas\u00f3k sz\u00e1m\u00e1ra az emberis\u00e9g [&hellip;]<\/p>\n","protected":false},"author":1,"featured_media":2455,"comment_status":"open","ping_status":"open","sticky":false,"template":"","format":"standard","meta":[],"categories":[218,217,216,220,222,221],"tags":[],"yst_prominent_words":[534,413,519,535,450,537,536,403,528,531,511,392,526,400,529,532,530,527,435,533],"_links":{"self":[{"href":"https:\/\/meaningoflife.blog\/hu\/wp-json\/wp\/v2\/posts\/3173"}],"collection":[{"href":"https:\/\/meaningoflife.blog\/hu\/wp-json\/wp\/v2\/posts"}],"about":[{"href":"https:\/\/meaningoflife.blog\/hu\/wp-json\/wp\/v2\/types\/post"}],"author":[{"embeddable":true,"href":"https:\/\/meaningoflife.blog\/hu\/wp-json\/wp\/v2\/users\/1"}],"replies":[{"embeddable":true,"href":"https:\/\/meaningoflife.blog\/hu\/wp-json\/wp\/v2\/comments?post=3173"}],"version-history":[{"count":2,"href":"https:\/\/meaningoflife.blog\/hu\/wp-json\/wp\/v2\/posts\/3173\/revisions"}],"predecessor-version":[{"id":3177,"href":"https:\/\/meaningoflife.blog\/hu\/wp-json\/wp\/v2\/posts\/3173\/revisions\/3177"}],"wp:featuredmedia":[{"embeddable":true,"href":"https:\/\/meaningoflife.blog\/hu\/wp-json\/wp\/v2\/media\/2455"}],"wp:attachment":[{"href":"https:\/\/meaningoflife.blog\/hu\/wp-json\/wp\/v2\/media?parent=3173"}],"wp:term":[{"taxonomy":"category","embeddable":true,"href":"https:\/\/meaningoflife.blog\/hu\/wp-json\/wp\/v2\/categories?post=3173"},{"taxonomy":"post_tag","embeddable":true,"href":"https:\/\/meaningoflife.blog\/hu\/wp-json\/wp\/v2\/tags?post=3173"},{"taxonomy":"yst_prominent_words","embeddable":true,"href":"https:\/\/meaningoflife.blog\/hu\/wp-json\/wp\/v2\/yst_prominent_words?post=3173"}],"curies":[{"name":"wp","href":"https:\/\/api.w.org\/{rel}","templated":true}]}}